{"id":211,"date":"2023-11-15T11:54:02","date_gmt":"2023-11-15T11:54:02","guid":{"rendered":"http:\/\/iontaoibheasfodhla.ie\/?p=211"},"modified":"2023-11-15T11:54:03","modified_gmt":"2023-11-15T11:54:03","slug":"comortas-bonn-or-sean-o-riada-2022","status":"publish","type":"post","link":"http:\/\/iontaoibheasfodhla.ie\/?p=211","title":{"rendered":"Comortas Bonn \u00d3r Se\u00e1n \u00d3 Riada 2022"},"content":{"rendered":"\n<h2 class=\"wp-block-heading\">Bonn Oir Se\u00e1n O Riada 2022<\/h2>\n\n\n\n<p>Bh\u00ed Bonn \u00d3ir She\u00e1in U\u00ed Riada buaite ag Joe de Georgeo i gcuideachta uasal ceoil a chomh-iomaitheoir\u00ed. Ba mh\u00f3r an t-\u00e1thas an oiread sin d\u2019iomaitheoir\u00ed \u00f3n am at\u00e1 thart a fheice\u00e1il ag teacht isteach i gcluiche ceannais na bliana seo agus an ceol bre\u00e1 a rinne siad go l\u00e9ir le ch\u00e9ile ina dhiaidh sin.<\/p>\n\n\n\n<p><em>The Se\u00e1n \u00d3 Riada Gold Medal is won rightly by Joe de Georgeo in noble musical company of his fellow competitors. It was joy to see so many of past competitors coming to join this years finalists and the fine music they all made together afterwards.<\/em><\/p>\n\n\n\n<p>Bh\u00ed an com\u00f3rtas ar si\u00fal ar an 3 Feabhra 2023 in \u00d3st\u00e1n an Rochestown Park i gCorcaigh.<\/p>\n\n\n\n<p><em>The competition took place on the 3rd of February 2023 in the Rochestown Park Hotel in Cork.<\/em><\/p>\n\n\n\n<p>Ghlac 14 iomaitheoir sa bhabhta ceannais p\u00e1irt i gceolchoirm beo a craoladh beo ar Radio na Gaeltachta.<\/p>\n\n\n\n<p><em>14 finalists took part in a live concert that was broadcast live on Radio na Gaeltachta.<\/em><\/p>\n\n\n\n<p>Ba iad Ciar\u00e1n \u00d3 Maonaigh, Connie O\u2019Connell &amp; \u00c9amo McGivney na molt\u00f3ir\u00ed. Fear a&#8217; T\u00ed Peadar \u00d3 Riada.<\/p>\n\n\n\n<p><em>The adjudicators were Ciar\u00e1n \u00d3 Maonaigh, Connie O&#8217;Connell &amp; \u00c9amo McGivney. Fear a&#8217; T\u00ed Peadar \u00d3 Riada.<\/em><\/p>\n\n\n\n<p>These are the finalists for the Se\u00e1n \u00d3 Riada Gold Medal competition.<\/p>\n\n\n\n<p><em>These are the finalists for the Se\u00e1n \u00d3 Riada Gold Medal competition.<\/em><\/p>\n\n\n\n<ul>\n<li>Caoimhe N\u00ed Fhlannabhra as S\u00e9ip\u00e9al na Carraige, Co. Chora\u00ed<\/li>\n\n\n\n<li>Alice Bradley as Kensington, Maryland i Meirice\u00e1<\/li>\n\n\n\n<li>Megan Nic Fhionnghaile as Gaoth Dobhair, Co. Dh\u00fan na nGall<\/li>\n\n\n\n<li>Annie Smyth as Ballymacnab, Co. Ard Mhacha<\/li>\n\n\n\n<li>Pax \u00d3 Faol\u00e1in as an Rinn i gCo. Phort L\u00e1irge<\/li>\n\n\n\n<li>Andrew Caden as Bethesda, Maryland i Meirice\u00e1<\/li>\n\n\n\n<li>\u00dana McGlinchey as an \u00d3maigh i gCo Th\u00edr Eoghain<\/li>\n\n\n\n<li>M\u00e9abh Smyth as Ard Mhacha<\/li>\n\n\n\n<li>Joe de Georgeo as Minneapolis, Minnesota i Meirice\u00e1<\/li>\n\n\n\n<li>Ty Kelliher as new Canaan, Connecticut i Meirice\u00e1<\/li>\n\n\n\n<li>Jason Mac Aonghusa as Dromore West, Co. Shligigh<\/li>\n\n\n\n<li>Adam Cole-Mullen as Boston Mheirice\u00e1<\/li>\n\n\n\n<li>Sin\u00e9ad Nic Cionnaith as Eochair i gCo. Th\u00edr Eoghain<\/li>\n\n\n\n<li>Macdara \u00d3 Faol\u00e1in \u00f3n Rinn i gCo. Phort L\u00e1irge<\/li>\n<\/ul>\n\n\n\n<figure class=\"wp-block-image\"><img decoding=\"async\" src=\"http:\/\/cuireadhchunceoil.ie\/wp-content\/uploads\/2023\/02\/DC-030223-SEANORIADA-26.jpg\" alt=\"\" class=\"wp-image-5088\"\/><\/figure>\n","protected":false},"excerpt":{"rendered":"<p>Bonn Oir Se\u00e1n O Riada 2022 Bh\u00ed Bonn \u00d3ir She\u00e1in U\u00ed Riada buaite ag Joe de Georgeo i gcuideachta uasal ceoil a chomh-iomaitheoir\u00ed. Ba mh\u00f3r an t-\u00e1thas an oiread sin d\u2019iomaitheoir\u00ed \u00f3n am at\u00e1 thart a fheice\u00e1il ag teacht isteach i gcluiche ceannais na bliana seo agus an ceol bre\u00e1 a rinne siad go l\u00e9ir&#8230;<\/p>\n","protected":false},"author":1,"featured_media":0,"comment_status":"open","ping_status":"open","sticky":false,"template":"","format":"standard","meta":[],"categories":[1],"tags":[],"_links":{"self":[{"href":"http:\/\/iontaoibheasfodhla.ie\/index.php?rest_route=\/wp\/v2\/posts\/211"}],"collection":[{"href":"http:\/\/iontaoibheasfodhla.ie\/index.php?rest_route=\/wp\/v2\/posts"}],"about":[{"href":"http:\/\/iontaoibheasfodhla.ie\/index.php?rest_route=\/wp\/v2\/types\/post"}],"author":[{"embeddable":true,"href":"http:\/\/iontaoibheasfodhla.ie\/index.php?rest_route=\/wp\/v2\/users\/1"}],"replies":[{"embeddable":true,"href":"http:\/\/iontaoibheasfodhla.ie\/index.php?rest_route=%2Fwp%2Fv2%2Fcomments&post=211"}],"version-history":[{"count":1,"href":"http:\/\/iontaoibheasfodhla.ie\/index.php?rest_route=\/wp\/v2\/posts\/211\/revisions"}],"predecessor-version":[{"id":212,"href":"http:\/\/iontaoibheasfodhla.ie\/index.php?rest_route=\/wp\/v2\/posts\/211\/revisions\/212"}],"wp:attachment":[{"href":"http:\/\/iontaoibheasfodhla.ie\/index.php?rest_route=%2Fwp%2Fv2%2Fmedia&parent=211"}],"wp:term":[{"taxonomy":"category","embeddable":true,"href":"http:\/\/iontaoibheasfodhla.ie\/index.php?rest_route=%2Fwp%2Fv2%2Fcategories&post=211"},{"taxonomy":"post_tag","embeddable":true,"href":"http:\/\/iontaoibheasfodhla.ie\/index.php?rest_route=%2Fwp%2Fv2%2Ftags&post=211"}],"curies":[{"name":"wp","href":"https:\/\/api.w.org\/{rel}","templated":true}]}}