{"id":191,"date":"2018-04-24T10:56:16","date_gmt":"2018-04-24T10:56:16","guid":{"rendered":"http:\/\/iontaoibheasfodhla.ie\/?p=191"},"modified":"2018-04-24T10:56:49","modified_gmt":"2018-04-24T10:56:49","slug":"feile-na-laoch-2018","status":"publish","type":"post","link":"http:\/\/iontaoibheasfodhla.ie\/?p=191","title":{"rendered":"F\u00e9ile na Laoch 2018"},"content":{"rendered":"<p><a href=\"http:\/\/iontaoibheasfodhla.ie\/wp-content\/uploads\/2018\/04\/IMG_1262.jpg\"><img decoding=\"async\" loading=\"lazy\" class=\"size-medium wp-image-188 alignleft\" src=\"http:\/\/iontaoibheasfodhla.ie\/wp-content\/uploads\/2018\/04\/IMG_1262-300x225.jpg\" alt=\"\" width=\"300\" height=\"225\" srcset=\"http:\/\/iontaoibheasfodhla.ie\/wp-content\/uploads\/2018\/04\/IMG_1262-300x225.jpg 300w, http:\/\/iontaoibheasfodhla.ie\/wp-content\/uploads\/2018\/04\/IMG_1262-768x576.jpg 768w, http:\/\/iontaoibheasfodhla.ie\/wp-content\/uploads\/2018\/04\/IMG_1262-1024x768.jpg 1024w\" sizes=\"(max-width: 300px) 100vw, 300px\" \/><\/a>Oscl\u00f3far bosca na Laoch at\u00e1 ar ch\u00fal fhalla S\u00e9ip\u00e9al Ghobnatan i gC\u00fail Aodha \u00f3 4\u00fa Deire Fomhair 2011. T\u00f3gfar amach na bratanna \u00f3n bhF\u00e9ile deirneach sin agus \u00e1rd\u00f3far ar\u00eds iad maraon leis an 100 Laoch a chuig i dtaisce an Deire Fomhair sin. M\u00e1irse\u00e1lfaighm\u00edd siar go Ionad \u00d3ige D\u00f3nal \u00d3 Liath\u00e1in agus oscl\u00f3ighm\u00edd Oifig F\u00e9ile na Laoch 2018. Tosn\u00f3igh an tr\u00e9imhse ullamh\u00fach\u00e1in tr\u00ed mh\u00ed ansan ag criochn\u00fa le oscailt F\u00e9ile na Laoch ar an Aoine an 29\/7\/2018. T\u00e1 an uile eolas agus an cl\u00e1r le f\u00e1il ar shu\u00edomh F\u00e9ile na Laoch ansa<\/p>\n<p>At noon on Mayday 2018 we will take the big F\u00e9ile na Laoch Box down from the back internal wall of S\u00e9ip\u00e9al Ghobnatan C\u00fail Aodha and open it for the first time since it was nailed tight at midnight at the end of the 2011 F\u00e9ile na Laoch. We will free the heroes flags and the 100 hero portraits of 2011 and march back to Ionad \u00d3ige D\u00f3nal \u00d3 Liath\u00e1in where we will formally open the 2018 F\u00e9ile na Laoch office and begin the three month preparation period. This period will come to an end with opening of F\u00e9ile na Laoch on the 29\/7\/2011. All information is at the F\u00e9ile na Laoch site here<\/p>\n","protected":false},"excerpt":{"rendered":"<p>Oscl\u00f3far bosca na Laoch at\u00e1 ar ch\u00fal fhalla S\u00e9ip\u00e9al Ghobnatan i gC\u00fail Aodha \u00f3 4\u00fa Deire Fomhair 2011. T\u00f3gfar amach na bratanna \u00f3n bhF\u00e9ile deirneach sin agus \u00e1rd\u00f3far ar\u00eds iad maraon leis an 100 Laoch a chuig i dtaisce an Deire Fomhair sin. M\u00e1irse\u00e1lfaighm\u00edd siar go Ionad \u00d3ige D\u00f3nal \u00d3 Liath\u00e1in agus oscl\u00f3ighm\u00edd Oifig F\u00e9ile&#8230;<\/p>\n","protected":false},"author":1,"featured_media":188,"comment_status":"open","ping_status":"open","sticky":true,"template":"","format":"standard","meta":[],"categories":[4],"tags":[6],"_links":{"self":[{"href":"http:\/\/iontaoibheasfodhla.ie\/index.php?rest_route=\/wp\/v2\/posts\/191"}],"collection":[{"href":"http:\/\/iontaoibheasfodhla.ie\/index.php?rest_route=\/wp\/v2\/posts"}],"about":[{"href":"http:\/\/iontaoibheasfodhla.ie\/index.php?rest_route=\/wp\/v2\/types\/post"}],"author":[{"embeddable":true,"href":"http:\/\/iontaoibheasfodhla.ie\/index.php?rest_route=\/wp\/v2\/users\/1"}],"replies":[{"embeddable":true,"href":"http:\/\/iontaoibheasfodhla.ie\/index.php?rest_route=%2Fwp%2Fv2%2Fcomments&post=191"}],"version-history":[{"count":1,"href":"http:\/\/iontaoibheasfodhla.ie\/index.php?rest_route=\/wp\/v2\/posts\/191\/revisions"}],"predecessor-version":[{"id":192,"href":"http:\/\/iontaoibheasfodhla.ie\/index.php?rest_route=\/wp\/v2\/posts\/191\/revisions\/192"}],"wp:featuredmedia":[{"embeddable":true,"href":"http:\/\/iontaoibheasfodhla.ie\/index.php?rest_route=\/wp\/v2\/media\/188"}],"wp:attachment":[{"href":"http:\/\/iontaoibheasfodhla.ie\/index.php?rest_route=%2Fwp%2Fv2%2Fmedia&parent=191"}],"wp:term":[{"taxonomy":"category","embeddable":true,"href":"http:\/\/iontaoibheasfodhla.ie\/index.php?rest_route=%2Fwp%2Fv2%2Fcategories&post=191"},{"taxonomy":"post_tag","embeddable":true,"href":"http:\/\/iontaoibheasfodhla.ie\/index.php?rest_route=%2Fwp%2Fv2%2Ftags&post=191"}],"curies":[{"name":"wp","href":"https:\/\/api.w.org\/{rel}","templated":true}]}}